{"id":375,"date":"2012-07-07T03:18:30","date_gmt":"2012-07-07T01:18:30","guid":{"rendered":"http:\/\/www.illogico.it\/?p=375"},"modified":"2012-07-25T03:24:07","modified_gmt":"2012-07-25T01:24:07","slug":"sympathy-for-the-abyss","status":"publish","type":"post","link":"https:\/\/www.illogico.it\/?p=375","title":{"rendered":"sympathy for the abyss"},"content":{"rendered":"<p>\u00abHo posato la maschera<\/p>\n<p>Ho posato la maschera e mi sono visto allo specchio&#8230;<br \/>\nEro il bambino di tanti anni fa&#8230;<br \/>\nNon ero cambiato per niente&#8230;<br \/>\nE&#8217; questo il vantaggio di sapersi togliere la maschera<br \/>\nSi \u00e8 sempre il bambino<br \/>\nil passato che resta,<br \/>\nil bambino.<\/p>\n<p>Ho posato la maschera e me la sono rimessa.<br \/>\nCos\u00ec \u00e8 meglio.<br \/>\nCos\u00ec sono la maschera.<\/p>\n<p>E ritorno alla normalit\u00e0 come a un capolinea.\u00bb<\/p>\n<p>(Fernando Pessoa, \u201cHo posato la maschera\u201d)<\/p>\n<p>&nbsp;<\/p>\n<blockquote><p>Anche &#8220;simpatia per l&#8217;abisso&#8221; (o &#8220;sympathy for the abyss&#8221;, come vi pare) \u00e8 stato inserito nel gruppo di scatti che parteciper\u00e0 a fine Luglio alla mostra londinese. Visto che era uno dei pi\u00f9 simbolici, supponevo che i due cordialissimi organizzatori lo avrebbero scartato dalla rosa dei 22. Supponevo male. .. e ne sono felicissimo.<\/p><\/blockquote>\n<p>&nbsp;<\/p>\n<p>\u201csympathy for the abyss\u201d, dalla mostra &#8220;Dystopia&#8221;, photo e artwork di Daniele Deriu, 2012 \u00a9 All Rights Reserved<\/p>\n","protected":false},"excerpt":{"rendered":"<p>\u00abHo posato la maschera Ho posato la maschera e mi sono visto allo specchio&#8230; Ero il bambino di tanti anni fa&#8230; Non ero cambiato per niente&#8230; E&#8217; questo il vantaggio di sapersi togliere la maschera Si \u00e8 sempre il bambino il passato che resta, il bambino. Ho posato la maschera e me la sono rimessa&#8230;.<\/p>\n","protected":false},"author":1,"featured_media":376,"comment_status":"closed","ping_status":"open","sticky":false,"template":"","format":"standard","meta":[],"categories":[1],"tags":[],"_links":{"self":[{"href":"https:\/\/www.illogico.it\/index.php?rest_route=\/wp\/v2\/posts\/375"}],"collection":[{"href":"https:\/\/www.illogico.it\/index.php?rest_route=\/wp\/v2\/posts"}],"about":[{"href":"https:\/\/www.illogico.it\/index.php?rest_route=\/wp\/v2\/types\/post"}],"author":[{"embeddable":true,"href":"https:\/\/www.illogico.it\/index.php?rest_route=\/wp\/v2\/users\/1"}],"replies":[{"embeddable":true,"href":"https:\/\/www.illogico.it\/index.php?rest_route=%2Fwp%2Fv2%2Fcomments&post=375"}],"version-history":[{"count":3,"href":"https:\/\/www.illogico.it\/index.php?rest_route=\/wp\/v2\/posts\/375\/revisions"}],"predecessor-version":[{"id":378,"href":"https:\/\/www.illogico.it\/index.php?rest_route=\/wp\/v2\/posts\/375\/revisions\/378"}],"wp:featuredmedia":[{"embeddable":true,"href":"https:\/\/www.illogico.it\/index.php?rest_route=\/wp\/v2\/media\/376"}],"wp:attachment":[{"href":"https:\/\/www.illogico.it\/index.php?rest_route=%2Fwp%2Fv2%2Fmedia&parent=375"}],"wp:term":[{"taxonomy":"category","embeddable":true,"href":"https:\/\/www.illogico.it\/index.php?rest_route=%2Fwp%2Fv2%2Fcategories&post=375"},{"taxonomy":"post_tag","embeddable":true,"href":"https:\/\/www.illogico.it\/index.php?rest_route=%2Fwp%2Fv2%2Ftags&post=375"}],"curies":[{"name":"wp","href":"https:\/\/api.w.org\/{rel}","templated":true}]}}