{"id":2437,"date":"2019-11-20T09:45:50","date_gmt":"2019-11-20T08:45:50","guid":{"rendered":"http:\/\/www.illogico.it\/?p=2437"},"modified":"2021-01-06T13:47:55","modified_gmt":"2021-01-06T12:47:55","slug":"scars-of-life-di-daniele-deriu-a-sardara","status":"publish","type":"post","link":"https:\/\/www.illogico.it\/?p=2437","title":{"rendered":"Scars of Life di Daniele Deriu a Sardara"},"content":{"rendered":"<p><a href=\"http:\/\/www.illogico.it\/?attachment_id=2439\" rel=\"attachment wp-att-2439\"><img loading=\"lazy\" class=\" wp-image-2439 alignleft\" src=\"http:\/\/www.illogico.it\/wp-content\/uploads\/2019\/11\/Locandina-SARDARA-Scars-of-life-Daniele-Deriu-200x300.jpg\" alt=\"Locandina SARDARA Scars of life Daniele Deriu\" width=\"163\" height=\"245\" srcset=\"https:\/\/www.illogico.it\/wp-content\/uploads\/2019\/11\/Locandina-SARDARA-Scars-of-life-Daniele-Deriu-200x300.jpg 200w, https:\/\/www.illogico.it\/wp-content\/uploads\/2019\/11\/Locandina-SARDARA-Scars-of-life-Daniele-Deriu-960x1442.jpg 960w, https:\/\/www.illogico.it\/wp-content\/uploads\/2019\/11\/Locandina-SARDARA-Scars-of-life-Daniele-Deriu-768x1154.jpg 768w, https:\/\/www.illogico.it\/wp-content\/uploads\/2019\/11\/Locandina-SARDARA-Scars-of-life-Daniele-Deriu-682x1024.jpg 682w, https:\/\/www.illogico.it\/wp-content\/uploads\/2019\/11\/Locandina-SARDARA-Scars-of-life-Daniele-Deriu.jpg 1065w\" sizes=\"(max-width: 163px) 100vw, 163px\" \/><\/a>Tutte le esposizioni sono emozionanti, sia chiaro, ma per qualche ragione quando succede nella tua Terra ogni cosa prende un retrogusto pi\u00f9 dolce.<\/p>\n<p>Per la seconda volta una mostra in Sardegna, quindi, dopo quella di Cagliari. La serie \u201cScars of life\u201d si ferma nel bel comune di Sardara.<\/p>\n<p>L\u2019inaugurazione sar\u00e0 domenica 24 novembre alle 17 e la mostra sar\u00e0 visitabile fino al 6 gennaio 2020, dal marted\u00ec alla domenica \u2013 la mattina dalle 9,00 alle 13,00 e la sera dalle 16,00 alle 19,0<span class=\"text_exposed_show\">0.<\/span><\/p>\n<p>Nel frattempo molte cose belle sono gi\u00e0 capitate, come la musica inedita che il talentuoso <a class=\"profileLink\" title=\"Marco Colonna\" href=\"https:\/\/www.facebook.com\/odt.oddity?__tn__=K-R&amp;eid=ARDdyd5-Lj3mTjNrwOP3kPwxF8gm8Zu0ADPyw6qE32IkoJdOGWO0g44QTA_2QNnj_371woIcYrTzd1ao&amp;fref=mentions&amp;__xts__%5B0%5D=68.ARD9MvNNE5KbCuoBhbw7qvuZzPYTX1SjOCqQuaaJF4OuBs9GdjRhFSAFGkHD7RRSw0wPf6eyiHX6VaMATDz1JOo0rRwATNP8BEXmGFUkZckE1e5BVGGgzzwiNZ3-mXM_bqn-T_SH1H_NUeL6bYUImpQJ96Go_oCSohGLKjG8Segb5CAS34JjcS45YxKhZiMJCxEP6wOe6Rz61YPFQg\" data-hovercard=\"\/ajax\/hovercard\/user.php?id=100002323036144&amp;extragetparams=%7B%22__tn__%22%3A%22%2CdK-R-R%22%2C%22eid%22%3A%22ARDdyd5-Lj3mTjNrwOP3kPwxF8gm8Zu0ADPyw6qE32IkoJdOGWO0g44QTA_2QNnj_371woIcYrTzd1ao%22%2C%22fref%22%3A%22mentions%22%7D\" data-hovercard-prefer-more-content-show=\"1\">Marco Colonna<\/a> ci ha voluto donare, ispirata alle eroine del progetto e che accompagner\u00e0 la mostra con il suo moto \u201cgraffiante\u201d e dolce.<\/p>\n<div class=\"text_exposed_show\">\n<p>Per il resto, non ringrazier\u00f2 mai abbastanza la curatrice, <a class=\"profileLink\" title=\"Ilenia Cilloco\" href=\"https:\/\/www.facebook.com\/ilenia.cilloco?__tn__=K-R&amp;eid=ARBHS3JvjVvjvSXOfDTyCCzHxpXjlWhD-XngAizKG5WfO5nNDnoUrooNh_8Y9pXkLpj_iY2hJUgtxAS4&amp;fref=mentions&amp;__xts__%5B0%5D=68.ARAbD3fKUPRAHjhbGOGCHHQHWq8mU0ja6cP_HLEnqDVAiocQeKtl_RtL7rWJcQw10bQMZcKB7UVIr_p_ML1xWDcacddw-XvyksaZHMUJJFvufYTZSKF4jUy5RCM2KJU_vOuta4ykejWaAjTq0gldqQMeCKR7Q3FzUehvlLsCEcoAEEdWjuAXLZCaNNQ3nm16me4DCM28aslVTjwPgw\" data-hovercard=\"\/ajax\/hovercard\/user.php?id=1660991902&amp;extragetparams=%7B%22__tn__%22%3A%22%2CdK-R-R%22%2C%22eid%22%3A%22ARBHS3JvjVvjvSXOfDTyCCzHxpXjlWhD-XngAizKG5WfO5nNDnoUrooNh_8Y9pXkLpj_iY2hJUgtxAS4%22%2C%22fref%22%3A%22mentions%22%7D\" data-hovercard-prefer-more-content-show=\"1\">Ilenia Cilloco<\/a>, la Commissione Pari Opportunit\u00e0 del Comune di Sardara, <a class=\"profileLink\" href=\"https:\/\/www.facebook.com\/villaabbas\/?__tn__=K-R&amp;eid=ARD5TqRV-ta3zRhOFtvAEEp6bzc0kg8D_MIcvmD60h5FlclNjzi-aQtgDJxqz5e8SOm4SmSxur5jbkXi&amp;fref=mentions&amp;__xts__%5B0%5D=68.ARAbD3fKUPRAHjhbGOGCHHQHWq8mU0ja6cP_HLEnqDVAiocQeKtl_RtL7rWJcQw10bQMZcKB7UVIr_p_ML1xWDcacddw-XvyksaZHMUJJFvufYTZSKF4jUy5RCM2KJU_vOuta4ykejWaAjTq0gldqQMeCKR7Q3FzUehvlLsCEcoAEEdWjuAXLZCaNNQ3nm16me4DCM28aslVTjwPgw\" data-hovercard=\"\/ajax\/hovercard\/page.php?id=615702005287240&amp;extragetparams=%7B%22__tn__%22%3A%22%2CdK-R-R%22%2C%22eid%22%3A%22ARD5TqRV-ta3zRhOFtvAEEp6bzc0kg8D_MIcvmD60h5FlclNjzi-aQtgDJxqz5e8SOm4SmSxur5jbkXi%22%2C%22fref%22%3A%22mentions%22%7D\" data-hovercard-prefer-more-content-show=\"1\">VILLA ABBAS &#8211; Soc. Coop. Gestione Beni Culturali &#8211; Sardara<\/a>, l\u2019Amministrazione Comunale in toto con in prima fila il sindaco Roberto Montisci e tutta Sardara per la preziosa ospitalit\u00e0.<\/p>\n<p>Aj\u00f2!<\/p>\n<p>Vi aspetto. Io sar\u00f2 quello in fondo alla sala che fa finta di non essere emozionato.<\/p>\n<p><a class=\"profileLink\" href=\"https:\/\/www.facebook.com\/daniele.deriu.works\/?__tn__=K-R&amp;eid=ARA7rjNzpbbc_F_axCHkV_9wZeSOfrT5mK_s3N5kPbSu97VZUj5cX3t4eh0cBwfkowG4rtybvkYauLxV&amp;fref=mentions&amp;__xts__%5B0%5D=68.ARAbD3fKUPRAHjhbGOGCHHQHWq8mU0ja6cP_HLEnqDVAiocQeKtl_RtL7rWJcQw10bQMZcKB7UVIr_p_ML1xWDcacddw-XvyksaZHMUJJFvufYTZSKF4jUy5RCM2KJU_vOuta4ykejWaAjTq0gldqQMeCKR7Q3FzUehvlLsCEcoAEEdWjuAXLZCaNNQ3nm16me4DCM28aslVTjwPgw\" data-hovercard=\"\/ajax\/hovercard\/page.php?id=1780122035548043&amp;extragetparams=%7B%22__tn__%22%3A%22%2CdK-R-R%22%2C%22eid%22%3A%22ARA7rjNzpbbc_F_axCHkV_9wZeSOfrT5mK_s3N5kPbSu97VZUj5cX3t4eh0cBwfkowG4rtybvkYauLxV%22%2C%22fref%22%3A%22mentions%22%7D\" data-hovercard-prefer-more-content-show=\"1\">Daniele Deriu &#8211; Photo Philosophy<\/a><\/p>\n<\/div>\n","protected":false},"excerpt":{"rendered":"<p>Tutte le esposizioni sono emozionanti, sia chiaro, ma per qualche ragione quando succede nella tua Terra ogni cosa prende un retrogusto pi\u00f9 dolce. Per la seconda volta una mostra in Sardegna, quindi, dopo quella di Cagliari. La serie \u201cScars of life\u201d si ferma nel bel comune di Sardara. L\u2019inaugurazione sar\u00e0 domenica 24 novembre alle 17&#8230;<\/p>\n","protected":false},"author":1,"featured_media":2438,"comment_status":"closed","ping_status":"open","sticky":false,"template":"","format":"standard","meta":[],"categories":[70,72],"tags":[75,73],"_links":{"self":[{"href":"https:\/\/www.illogico.it\/index.php?rest_route=\/wp\/v2\/posts\/2437"}],"collection":[{"href":"https:\/\/www.illogico.it\/index.php?rest_route=\/wp\/v2\/posts"}],"about":[{"href":"https:\/\/www.illogico.it\/index.php?rest_route=\/wp\/v2\/types\/post"}],"author":[{"embeddable":true,"href":"https:\/\/www.illogico.it\/index.php?rest_route=\/wp\/v2\/users\/1"}],"replies":[{"embeddable":true,"href":"https:\/\/www.illogico.it\/index.php?rest_route=%2Fwp%2Fv2%2Fcomments&post=2437"}],"version-history":[{"count":3,"href":"https:\/\/www.illogico.it\/index.php?rest_route=\/wp\/v2\/posts\/2437\/revisions"}],"predecessor-version":[{"id":2897,"href":"https:\/\/www.illogico.it\/index.php?rest_route=\/wp\/v2\/posts\/2437\/revisions\/2897"}],"wp:featuredmedia":[{"embeddable":true,"href":"https:\/\/www.illogico.it\/index.php?rest_route=\/wp\/v2\/media\/2438"}],"wp:attachment":[{"href":"https:\/\/www.illogico.it\/index.php?rest_route=%2Fwp%2Fv2%2Fmedia&parent=2437"}],"wp:term":[{"taxonomy":"category","embeddable":true,"href":"https:\/\/www.illogico.it\/index.php?rest_route=%2Fwp%2Fv2%2Fcategories&post=2437"},{"taxonomy":"post_tag","embeddable":true,"href":"https:\/\/www.illogico.it\/index.php?rest_route=%2Fwp%2Fv2%2Ftags&post=2437"}],"curies":[{"name":"wp","href":"https:\/\/api.w.org\/{rel}","templated":true}]}}