{"id":2344,"date":"2017-03-19T12:30:15","date_gmt":"2017-03-19T11:30:15","guid":{"rendered":"http:\/\/www.illogico.it\/?p=2344"},"modified":"2017-03-19T12:31:21","modified_gmt":"2017-03-19T11:31:21","slug":"never-empty","status":"publish","type":"post","link":"https:\/\/www.illogico.it\/?p=2344","title":{"rendered":"never empty"},"content":{"rendered":"<p>\u00abIl vuoto ti assale. Quando ancora cerchi di comprendere parole aliene come \u201clinfonodo sentinella\u201d, percepisci che lo spazio vuoto dentro di te sta aumentando. E\u2019 qualcosa di ben pi\u00f9 profondo e incolmabile dell\u2019assenza che prima conteneva il tuo seno piccolo e carino. Non si risolve con l\u2019idea di una protesi. E\u2019 la parte pi\u00f9 difficile. Io stessa ci ho messo tanto a comprenderlo, eppure la risposta \u00e8 banale ed \u00e8 in ogni respiro che si compie. Vita. Le permetti di entrare, ancora, di riempirti i polmoni e la mente. Combattere la vacuit\u00e0 dell\u2019animo con un gesto amorevole alla volta\u2026 e ogni sorriso privo di giudizio che ti scappa o che ricevi \u00e8 un piccolo segnale della tua femminilit\u00e0 che si ri-costruisce. Non c\u2019\u00e8 vuoto che tenga. Essere donne \u00e8 soprattutto un sentire\u2026 e questo nessuno potr\u00e0 mai portartelo via.\u00bb<\/p>\n<p>(Josette, mastectomia)<\/p>\n<p>&nbsp;<\/p>\n<p>\u201c<strong>never empty<\/strong>\u201d, 2012-17 \u00a9 Daniele Deriu \u2013 \u201cScars of life\u201d, series<\/p>\n<p>&nbsp;<\/p>\n<p>&#8220;<strong>Scars of life<\/strong>&#8220;: Ho sempre mostrato i &#8220;segni di una lotta&#8221; nei miei lavori&#8230; alcune volte appena percepiti, altre volte assai pi\u00f9 evidenti. Le cicatrici servono a ricordarci che siamo dei sopravvissuti. Sono le memorie delle nostre battaglie, le ustioni dei nostri personali inferni. Alcune delle sopravvissute hanno accettato di mostrarle, di lasciare una testimonianza. &#8220;Ecco guardate&#8221;, dicono, dall&#8217;inferno si pu\u00f2 tornare. Lottare non \u00e8 vano.<\/p>\n<p><strong>Daniele Deriu<\/strong><\/p>\n<p>Qui le altre della serie: <strong><a href=\"http:\/\/www.illogico.it\/?page_id=2154\">&#8220;SCARS OF LIFE&#8221;<\/a><\/strong><\/p>\n<p>Qui su facebook: <a href=\"https:\/\/www.facebook.com\/daniele.deriu.works\/\">https:\/\/www.facebook.com\/daniele.deriu.works\/<\/a><\/p>\n<p>&nbsp;<\/p>\n","protected":false},"excerpt":{"rendered":"<p>\u00abIl vuoto ti assale. Quando ancora cerchi di comprendere parole aliene come \u201clinfonodo sentinella\u201d, percepisci che lo spazio vuoto dentro di te sta aumentando. E\u2019 qualcosa di ben pi\u00f9 profondo e incolmabile dell\u2019assenza che prima conteneva il tuo seno piccolo e carino. Non si risolve con l\u2019idea di una protesi. E\u2019 la parte pi\u00f9 difficile&#8230;.<\/p>\n","protected":false},"author":1,"featured_media":2343,"comment_status":"closed","ping_status":"open","sticky":false,"template":"","format":"standard","meta":[],"categories":[1],"tags":[],"_links":{"self":[{"href":"https:\/\/www.illogico.it\/index.php?rest_route=\/wp\/v2\/posts\/2344"}],"collection":[{"href":"https:\/\/www.illogico.it\/index.php?rest_route=\/wp\/v2\/posts"}],"about":[{"href":"https:\/\/www.illogico.it\/index.php?rest_route=\/wp\/v2\/types\/post"}],"author":[{"embeddable":true,"href":"https:\/\/www.illogico.it\/index.php?rest_route=\/wp\/v2\/users\/1"}],"replies":[{"embeddable":true,"href":"https:\/\/www.illogico.it\/index.php?rest_route=%2Fwp%2Fv2%2Fcomments&post=2344"}],"version-history":[{"count":3,"href":"https:\/\/www.illogico.it\/index.php?rest_route=\/wp\/v2\/posts\/2344\/revisions"}],"predecessor-version":[{"id":2347,"href":"https:\/\/www.illogico.it\/index.php?rest_route=\/wp\/v2\/posts\/2344\/revisions\/2347"}],"wp:featuredmedia":[{"embeddable":true,"href":"https:\/\/www.illogico.it\/index.php?rest_route=\/wp\/v2\/media\/2343"}],"wp:attachment":[{"href":"https:\/\/www.illogico.it\/index.php?rest_route=%2Fwp%2Fv2%2Fmedia&parent=2344"}],"wp:term":[{"taxonomy":"category","embeddable":true,"href":"https:\/\/www.illogico.it\/index.php?rest_route=%2Fwp%2Fv2%2Fcategories&post=2344"},{"taxonomy":"post_tag","embeddable":true,"href":"https:\/\/www.illogico.it\/index.php?rest_route=%2Fwp%2Fv2%2Ftags&post=2344"}],"curies":[{"name":"wp","href":"https:\/\/api.w.org\/{rel}","templated":true}]}}