{"id":2325,"date":"2016-11-06T23:59:40","date_gmt":"2016-11-06T22:59:40","guid":{"rendered":"http:\/\/www.illogico.it\/?p=2325"},"modified":"2016-11-07T00:01:30","modified_gmt":"2016-11-06T23:01:30","slug":"absence","status":"publish","type":"post","link":"https:\/\/www.illogico.it\/?p=2325","title":{"rendered":"Absence"},"content":{"rendered":"<p>Apro questa nuova galleria (in cui sporadicamente inserir\u00f2 lavori) in nome dell\u2019Assenza. Alcuni filosofi sono stati chiari in merito a questa faccenda: la felicit\u00e0 \u00e8 irraggiungibile. Forse per via della sua propriet\u00e0 \u201celastica\u201d, per dirla con Bauman: appena la felicit\u00e0 si \u201ctende\u201d verso di noi, a pochi centimetri dalla nostra mano (dandoci quasi l\u2019illusione di poterla raggiungere), ecco che subito si ritrae. La stronza.<\/p>\n<p>Ma non importa. La pulsione della nostra esistenza, nel bene o nel male, resta l\u2019assenza. Nessuna soddisfazione potr\u00e0 mai toglierci del tutto il bisogno. E\u2019 nell\u2019ordine delle cose. Il se non \u00e8 mai compiuto ma \u00e8 in divenire e, paradossalmente, quello che definisce la nostra essenza \u00e8 strettamente connesso a ci\u00f2 che ci manca. L\u2019assenza \u00e8 forse la massima forza energetica del vivere e la sua ricerca ci rende creature perennemente incompiute e, proprio per questo, di una bellezza poetica.<\/p>\n<p><strong>Daniele Deriu<\/strong>, 6 novembre 2016<\/p>\n<p>&nbsp;<\/p>\n<p>\u00abE&#8217; lunga la strada che conduce all&#8217;essenza, comincia in fondo al viaggio e finisce l\u00e0 dove inizia la tua assenza.\u00bb<\/p>\n<p>(M. Tocci)<\/p>\n<p>&nbsp;<\/p>\n<p>\u201c<strong>absence<\/strong>\u201d, 2016 \u00a9 Daniele Deriu \u2013 \u201cAbsentia\u201d, gallery.<\/p>\n<p>La mia pagina <a href=\"https:\/\/www.facebook.com\/daniele.deriu.works\/\" target=\"_blank\">facebook<\/a>.<\/p>\n<p>&nbsp;<\/p>\n","protected":false},"excerpt":{"rendered":"<p>Apro questa nuova galleria (in cui sporadicamente inserir\u00f2 lavori) in nome dell\u2019Assenza. Alcuni filosofi sono stati chiari in merito a questa faccenda: la felicit\u00e0 \u00e8 irraggiungibile. Forse per via della sua propriet\u00e0 \u201celastica\u201d, per dirla con Bauman: appena la felicit\u00e0 si \u201ctende\u201d verso di noi, a pochi centimetri dalla nostra mano (dandoci quasi l\u2019illusione di&#8230;<\/p>\n","protected":false},"author":1,"featured_media":2324,"comment_status":"closed","ping_status":"open","sticky":false,"template":"","format":"standard","meta":[],"categories":[1],"tags":[],"_links":{"self":[{"href":"https:\/\/www.illogico.it\/index.php?rest_route=\/wp\/v2\/posts\/2325"}],"collection":[{"href":"https:\/\/www.illogico.it\/index.php?rest_route=\/wp\/v2\/posts"}],"about":[{"href":"https:\/\/www.illogico.it\/index.php?rest_route=\/wp\/v2\/types\/post"}],"author":[{"embeddable":true,"href":"https:\/\/www.illogico.it\/index.php?rest_route=\/wp\/v2\/users\/1"}],"replies":[{"embeddable":true,"href":"https:\/\/www.illogico.it\/index.php?rest_route=%2Fwp%2Fv2%2Fcomments&post=2325"}],"version-history":[{"count":2,"href":"https:\/\/www.illogico.it\/index.php?rest_route=\/wp\/v2\/posts\/2325\/revisions"}],"predecessor-version":[{"id":2327,"href":"https:\/\/www.illogico.it\/index.php?rest_route=\/wp\/v2\/posts\/2325\/revisions\/2327"}],"wp:featuredmedia":[{"embeddable":true,"href":"https:\/\/www.illogico.it\/index.php?rest_route=\/wp\/v2\/media\/2324"}],"wp:attachment":[{"href":"https:\/\/www.illogico.it\/index.php?rest_route=%2Fwp%2Fv2%2Fmedia&parent=2325"}],"wp:term":[{"taxonomy":"category","embeddable":true,"href":"https:\/\/www.illogico.it\/index.php?rest_route=%2Fwp%2Fv2%2Fcategories&post=2325"},{"taxonomy":"post_tag","embeddable":true,"href":"https:\/\/www.illogico.it\/index.php?rest_route=%2Fwp%2Fv2%2Ftags&post=2325"}],"curies":[{"name":"wp","href":"https:\/\/api.w.org\/{rel}","templated":true}]}}