{"id":2310,"date":"2016-09-04T01:24:32","date_gmt":"2016-09-03T23:24:32","guid":{"rendered":"http:\/\/www.illogico.it\/?p=2310"},"modified":"2016-09-07T01:26:23","modified_gmt":"2016-09-06T23:26:23","slug":"la-serie-scars-of-life-di-daniele-deriu-a-torino","status":"publish","type":"post","link":"https:\/\/www.illogico.it\/?p=2310","title":{"rendered":"La serie &#8220;Scars of life&#8221; di Daniele Deriu a Torino"},"content":{"rendered":"<p>Stavolta la serie \u201cScars of life\u201d approda (si fa per dire) in Piemonte grazie alla bella iniziativa della TAURUS FACTORY, un progetto della cooperativa LIBERA DIMENSIONE. Dal 6 (si parte alle 18,30) al 20 settembre i lavori della serie saranno visibili a Ciri\u00e8 (TO), in Via Andrea D\u2019Oria n.20.<\/p>\n<p>Un grazie ai ragazzi di \u201cLibera Dimensione\u201d e uno speciale a Chiara Coppo (<a class=\"profileLink\" href=\"https:\/\/www.facebook.com\/kiara.coppo\" data-hovercard=\"\/ajax\/hovercard\/user.php?id=1500372329\">Kiara<\/a>), che tanto si \u00e8 prodigata per avere la serie nella sua bellissima citt\u00e0.<\/p>\n<p><a class=\"profileLink\" href=\"https:\/\/www.facebook.com\/events\/1246142968763318\/?ref=22&amp;action_history=null&amp;source=22\" data-hovercard=\"\/ajax\/hovercard\/event.php?id=1246142968763318&amp;extragetparams=%7B%22source%22%3A22%2C%22action_history%22%3A%22null%22%7D\">https:\/\/www.facebook.com\/events<span class=\"text_exposed_show\">\/1246142968763318\/<\/span><\/a><\/p>\n<div class=\"text_exposed_show\">\n<p><a href=\"https:\/\/www.facebook.com\/taurusfactory\/\">https:\/\/www.facebook.com\/taurusfactory\/<\/a><\/p>\n<p>Questo il comunicato stampa:<\/p>\n<h2 class=\"event-info\">06-20 settembre 2016 presso <span class=\"event-location\">Taurus Factory<\/span> a Ciri\u00e8 (TO).<\/h2>\n<div class=\"event-body\">\n<div class=\"event-description\">&#8220;Immortalit\u00e0 \u00e8 ci\u00f2 che <b>Daniele Deriu ha donato a queste donne<\/b>: non scatti di dolore, ma voglia di<br \/>\nvivere; non cicatrici, ma ali per volare pi\u00f9 in alto. Dal 6 settembre 2016 \u2013 dalle 18 ci sar\u00e0 l\u2019inaugurazione accompagnata da un aperitivo \u2013 la \u201c<b>Taurus Factory<\/b>\u201d sar\u00e0 palcoscenico di una nuova <b>mostra firmata dall\u2019artista sardo<\/b>, che ha fatto commuovere Londra. Lo sguardo accarezzer\u00e0 opere che non sono soltanto fotografie, ma veri e propri specchi, in cui ritrovare la nostra storia; la storia di un\u2019umanit\u00e0 che non si arrende, pronta con umilt\u00e0 a chinare la fronte e offrire allo sguardo del mondo quanto ha di pi\u00f9 prezioso: messaggi di vita, ricamati sulle pagine del proprio corpo.<br \/>\n<b>Scars of life<\/b>, per ricordarci: le cicatrici non ci fanno paura.&#8221;<\/div>\n<div class=\"event-description\"><\/div>\n<\/div>\n<div class=\"event-description\">La <b>mostra sar\u00e0 allestita per due settimane<\/b>, dalle ore 10.00 alle ore 24.00, luned\u00ec \u2013 sabato.<\/div>\n<\/div>\n<div class=\"event-description\"><\/div>\n<div class=\"event-description\"><\/div>\n","protected":false},"excerpt":{"rendered":"<p>Stavolta la serie \u201cScars of life\u201d approda (si fa per dire) in Piemonte grazie alla bella iniziativa della TAURUS FACTORY, un progetto della cooperativa LIBERA DIMENSIONE. Dal 6 (si parte alle 18,30) al 20 settembre i lavori della serie saranno visibili a Ciri\u00e8 (TO), in Via Andrea D\u2019Oria n.20. Un grazie ai ragazzi di \u201cLibera&#8230;<\/p>\n","protected":false},"author":1,"featured_media":2309,"comment_status":"closed","ping_status":"open","sticky":false,"template":"","format":"standard","meta":[],"categories":[1],"tags":[],"_links":{"self":[{"href":"https:\/\/www.illogico.it\/index.php?rest_route=\/wp\/v2\/posts\/2310"}],"collection":[{"href":"https:\/\/www.illogico.it\/index.php?rest_route=\/wp\/v2\/posts"}],"about":[{"href":"https:\/\/www.illogico.it\/index.php?rest_route=\/wp\/v2\/types\/post"}],"author":[{"embeddable":true,"href":"https:\/\/www.illogico.it\/index.php?rest_route=\/wp\/v2\/users\/1"}],"replies":[{"embeddable":true,"href":"https:\/\/www.illogico.it\/index.php?rest_route=%2Fwp%2Fv2%2Fcomments&post=2310"}],"version-history":[{"count":2,"href":"https:\/\/www.illogico.it\/index.php?rest_route=\/wp\/v2\/posts\/2310\/revisions"}],"predecessor-version":[{"id":2312,"href":"https:\/\/www.illogico.it\/index.php?rest_route=\/wp\/v2\/posts\/2310\/revisions\/2312"}],"wp:featuredmedia":[{"embeddable":true,"href":"https:\/\/www.illogico.it\/index.php?rest_route=\/wp\/v2\/media\/2309"}],"wp:attachment":[{"href":"https:\/\/www.illogico.it\/index.php?rest_route=%2Fwp%2Fv2%2Fmedia&parent=2310"}],"wp:term":[{"taxonomy":"category","embeddable":true,"href":"https:\/\/www.illogico.it\/index.php?rest_route=%2Fwp%2Fv2%2Fcategories&post=2310"},{"taxonomy":"post_tag","embeddable":true,"href":"https:\/\/www.illogico.it\/index.php?rest_route=%2Fwp%2Fv2%2Ftags&post=2310"}],"curies":[{"name":"wp","href":"https:\/\/api.w.org\/{rel}","templated":true}]}}