{"id":209,"date":"2012-02-01T02:38:08","date_gmt":"2012-02-01T01:38:08","guid":{"rendered":"http:\/\/www.illogico.it\/?p=209"},"modified":"2012-07-02T02:39:10","modified_gmt":"2012-07-02T00:39:10","slug":"mai-venga-il-mattino","status":"publish","type":"post","link":"https:\/\/www.illogico.it\/?p=209","title":{"rendered":"Mai venga il mattino"},"content":{"rendered":"<p>Questo \u00e8 un periodo strano. Inquieto. Fatto di rivisitazioni e di vecchi incontri\u2026 ed \u00e8 anche un periodo di ri-letture. Incappai in \u201cMai venga il mattino\u201d di Nelson Algren molti anni fa, dopo aver letto una biografia di Hemingway. L\u2019autore della biografia diceva che Hemingway stimava Algren al punto che in una sua copia di \u201cL\u2019uomo dal braccio d\u2019oro\u201d scrisse: \u00abOk, ragazzo, hai battuto Dostoevskij. Non ti combatter\u00f2 mai a Chicago. Mai. Ma ti far\u00f2 fuori nelle citt\u00e0 che io conosco e che tu non conosci\u00bb.<\/p>\n<p>Va bene, Hemingway era un tipo strano, tutti lo sanno, ma l\u2019aneddoto fu sufficiente per incuriosirmi.<\/p>\n<p>Cercai \u201cL\u2019uomo dal braccio d\u2019oro\u201d per un intero pomeriggio. Niente. Alla fine della serata, in una piccolissima libreria un commesso scettico mi disse di avere un unico libro di Nelson Algren, ma che non era quello che cercavo. Lo presi rassegnato e lo iniziai a leggere appena rientrato a casa. Mi dimenticai di cenare. Passai tutta la notte nel ghetto polacco di Chicago, nella parte pi\u00f9 nascosta dell\u2019America, in mezzo agli emarginati, disperati, vagabondi, prostitute e ruffiani. Una visione cruda, quasi sociologica, della natura umana e delle sue peggiori debolezze.<\/p>\n<p>Tanta critica che \u201ccontava\u201d odi\u00f2 Algren. Letteralmente. Gli rimproverava di ritrarre una America della Grande Depressione che non c\u2019era pi\u00f9\u2026 superata da quella postbellica, da una nazione ormai prospera e fiorente. Pura ideologia. La verit\u00e0 era che in piena guerra fredda non si accettava una cos\u00ec radicale presa di posizione a favore delle vittime del capitalismo, che non sono mai mancate. Mai. Ora, che ho appena riposto il libro nello scaffale in alto per la seconda volta in vent\u2019anni, mi guardo intorno e vedo quello che vedeva Algren nella sua neorealistica fotografia dei suoi tempi\u2026 e mi preoccupa che questo non mi sorprenda affatto.<\/p>\n<p>Anche se nessuno pu\u00f2 battere Dostoevskij.<\/p>\n<p>Daniele Deriu<\/p>\n<p>[Daniele Deriu, &#8220;Mai venga il mattino&#8221; (Never Come Morning), 2012]<\/p>\n","protected":false},"excerpt":{"rendered":"<p>Questo \u00e8 un periodo strano. Inquieto. Fatto di rivisitazioni e di vecchi incontri\u2026 ed \u00e8 anche un periodo di ri-letture. Incappai in \u201cMai venga il mattino\u201d di Nelson Algren molti anni fa, dopo aver letto una biografia di Hemingway. L\u2019autore della biografia diceva che Hemingway stimava Algren al punto che in una sua copia di&#8230;<\/p>\n","protected":false},"author":1,"featured_media":202,"comment_status":"closed","ping_status":"open","sticky":false,"template":"","format":"standard","meta":[],"categories":[1],"tags":[],"_links":{"self":[{"href":"https:\/\/www.illogico.it\/index.php?rest_route=\/wp\/v2\/posts\/209"}],"collection":[{"href":"https:\/\/www.illogico.it\/index.php?rest_route=\/wp\/v2\/posts"}],"about":[{"href":"https:\/\/www.illogico.it\/index.php?rest_route=\/wp\/v2\/types\/post"}],"author":[{"embeddable":true,"href":"https:\/\/www.illogico.it\/index.php?rest_route=\/wp\/v2\/users\/1"}],"replies":[{"embeddable":true,"href":"https:\/\/www.illogico.it\/index.php?rest_route=%2Fwp%2Fv2%2Fcomments&post=209"}],"version-history":[{"count":4,"href":"https:\/\/www.illogico.it\/index.php?rest_route=\/wp\/v2\/posts\/209\/revisions"}],"predecessor-version":[{"id":213,"href":"https:\/\/www.illogico.it\/index.php?rest_route=\/wp\/v2\/posts\/209\/revisions\/213"}],"wp:featuredmedia":[{"embeddable":true,"href":"https:\/\/www.illogico.it\/index.php?rest_route=\/wp\/v2\/media\/202"}],"wp:attachment":[{"href":"https:\/\/www.illogico.it\/index.php?rest_route=%2Fwp%2Fv2%2Fmedia&parent=209"}],"wp:term":[{"taxonomy":"category","embeddable":true,"href":"https:\/\/www.illogico.it\/index.php?rest_route=%2Fwp%2Fv2%2Fcategories&post=209"},{"taxonomy":"post_tag","embeddable":true,"href":"https:\/\/www.illogico.it\/index.php?rest_route=%2Fwp%2Fv2%2Ftags&post=209"}],"curies":[{"name":"wp","href":"https:\/\/api.w.org\/{rel}","templated":true}]}}