{"id":1969,"date":"2015-08-30T14:47:55","date_gmt":"2015-08-30T12:47:55","guid":{"rendered":"http:\/\/www.illogico.it\/?p=1969"},"modified":"2016-02-23T13:16:12","modified_gmt":"2016-02-23T12:16:12","slug":"listen-to-the-sun","status":"publish","type":"post","link":"https:\/\/www.illogico.it\/?p=1969","title":{"rendered":"listen to the Sun"},"content":{"rendered":"<p>\u00abS\u00ec, \u00e8 quello che sembra. Ho provato a togliermi la vita due anni fa. Ho fatto le cose per bene. Nessuno stupido taglio orizzontale sui polsi, ma una unica ferita lungo l\u2019avambraccio. Mi salv\u00f2 mio fratellino, che rientr\u00f2 prima da calcio. Poi ci furono le sedute con lo psichiatra, il consultorio e il gruppo. Forse la parte pi\u00f9 difficile fu il rientro a scuola. Ho dovuto risolvere molti problemi, soprattutto con me stessa. Fare pace con la mia vita, perdonarmi\u2026 ma sono ancora qui. Ultimamente ho preso a fare una cosa sciocca. Distendo le braccia al Sole e immagino di assimilare la vita proprio da quelle cicatrici\u2026 e sorrido tutte le volte.\u00bb<\/p>\n<p>(Federica, 19 anni, tentativo di suicidio)<\/p>\n<p>&nbsp;<\/p>\n<p>\u201c<strong>listen to the Sun<\/strong>\u201d, 2015 \u00a9 Daniele Deriu \u2013 \u201cScars of life\u201d, series.<\/p>\n<p>&nbsp;<\/p>\n<p><strong>Nota a margine<\/strong>: La serie \u201cScars of life\u201d, accantonata e ripresa pi\u00f9 volte, \u00e8 partita agli inizi del 2012 e gi\u00e0 dai primi giorni di ricerca mi resi conto di un fatto: per qualche ragione, le cicatrici auto-inferte non catalizzavano molta \u201csimpatia\u201d (intesa etimologicamente come \u201cco-sofferenza\u201d).<\/p>\n<p>Se la cicatrice ti arriva per un tumore o un incidente, allora le persone si \u201cprotendono\u201d verso di te, ti \u201criconoscono\u201d e ti accolgono con calore\u2026 ma se sei stata una autolesionista o hai tentato di toglierti la vita, in qualche modo, non benefici dello stesso calore.<\/p>\n<p>Ma nell\u2019idea originaria della serie, l\u2019intento \u00e8 quello di raccontare storie di combattenti, di sopravvissute\u2026 e le cicatrici rappresentano le &#8220;ustioni&#8221; che si sono procurate attraversando il loro inferno personale. Ecco, per me non esiste un inferno \u201cbuono\u201d o un inferno \u201ccattivo\u201d. Ci tenevo a dirlo.<\/p>\n<p>(&#8230;)<\/p>\n<p>&#8220;<strong>Scars of life<\/strong>&#8220;: Ho sempre mostrato i &#8220;segni di una lotta&#8221; nei miei lavori&#8230; alcune volte appena percepiti, altre volte assai pi\u00f9 evidenti, come in questo caso. Le cicatrici servono a ricordarci che siamo dei sopravvissuti. Sono le memorie delle nostre battaglie, le ustioni dei nostri personali inferni. Alcune delle sopravvissute hanno accettato di mostrarle, di lasciare una testimonianza. &#8220;Ecco guardate&#8221;, dicono, dall&#8217;inferno si pu\u00f2 tornare. Lottare non \u00e8 vano.<\/p>\n<p><strong>Daniele Deriu<\/strong><\/p>\n<p>Qui le altre della serie: <strong><a href=\"http:\/\/www.illogico.it\/?page_id=2154\">&#8220;SCARS OF LIFE&#8221;<\/a><\/strong><\/p>\n<p>&nbsp;<\/p>\n<p>&nbsp;<\/p>\n","protected":false},"excerpt":{"rendered":"<p>\u00abS\u00ec, \u00e8 quello che sembra. Ho provato a togliermi la vita due anni fa. Ho fatto le cose per bene. Nessuno stupido taglio orizzontale sui polsi, ma una unica ferita lungo l\u2019avambraccio. Mi salv\u00f2 mio fratellino, che rientr\u00f2 prima da calcio. Poi ci furono le sedute con lo psichiatra, il consultorio e il gruppo. Forse&#8230;<\/p>\n","protected":false},"author":1,"featured_media":1968,"comment_status":"closed","ping_status":"open","sticky":false,"template":"","format":"standard","meta":[],"categories":[1],"tags":[],"_links":{"self":[{"href":"https:\/\/www.illogico.it\/index.php?rest_route=\/wp\/v2\/posts\/1969"}],"collection":[{"href":"https:\/\/www.illogico.it\/index.php?rest_route=\/wp\/v2\/posts"}],"about":[{"href":"https:\/\/www.illogico.it\/index.php?rest_route=\/wp\/v2\/types\/post"}],"author":[{"embeddable":true,"href":"https:\/\/www.illogico.it\/index.php?rest_route=\/wp\/v2\/users\/1"}],"replies":[{"embeddable":true,"href":"https:\/\/www.illogico.it\/index.php?rest_route=%2Fwp%2Fv2%2Fcomments&post=1969"}],"version-history":[{"count":2,"href":"https:\/\/www.illogico.it\/index.php?rest_route=\/wp\/v2\/posts\/1969\/revisions"}],"predecessor-version":[{"id":2199,"href":"https:\/\/www.illogico.it\/index.php?rest_route=\/wp\/v2\/posts\/1969\/revisions\/2199"}],"wp:featuredmedia":[{"embeddable":true,"href":"https:\/\/www.illogico.it\/index.php?rest_route=\/wp\/v2\/media\/1968"}],"wp:attachment":[{"href":"https:\/\/www.illogico.it\/index.php?rest_route=%2Fwp%2Fv2%2Fmedia&parent=1969"}],"wp:term":[{"taxonomy":"category","embeddable":true,"href":"https:\/\/www.illogico.it\/index.php?rest_route=%2Fwp%2Fv2%2Fcategories&post=1969"},{"taxonomy":"post_tag","embeddable":true,"href":"https:\/\/www.illogico.it\/index.php?rest_route=%2Fwp%2Fv2%2Ftags&post=1969"}],"curies":[{"name":"wp","href":"https:\/\/api.w.org\/{rel}","templated":true}]}}